{"id":15835,"date":"2026-04-26T09:41:00","date_gmt":"2026-04-26T08:41:00","guid":{"rendered":"https:\/\/www.ff-puerstling.at\/wp\/?p=15835"},"modified":"2026-04-26T14:29:27","modified_gmt":"2026-04-26T13:29:27","slug":"erste-gemeinschaftsuebung-2026","status":"publish","type":"post","link":"https:\/\/www.ff-puerstling.at\/wp\/?p=15835","title":{"rendered":"Erste Gemeinschafts\u00fcbung 2026"},"content":{"rendered":"\n<div class=\"wp-block-media-text is-stacked-on-mobile\"><figure class=\"wp-block-media-text__media\"><img loading=\"lazy\" decoding=\"async\" width=\"1024\" height=\"576\" src=\"https:\/\/www.ff-puerstling.at\/wp\/wp-content\/uploads\/2026\/04\/20260424_163840438_iOS-1024x576.jpg\" alt=\"\" class=\"wp-image-15837 size-full\" srcset=\"https:\/\/www.ff-puerstling.at\/wp\/wp-content\/uploads\/2026\/04\/20260424_163840438_iOS-1024x576.jpg 1024w, https:\/\/www.ff-puerstling.at\/wp\/wp-content\/uploads\/2026\/04\/20260424_163840438_iOS-300x169.jpg 300w, https:\/\/www.ff-puerstling.at\/wp\/wp-content\/uploads\/2026\/04\/20260424_163840438_iOS-768x432.jpg 768w, https:\/\/www.ff-puerstling.at\/wp\/wp-content\/uploads\/2026\/04\/20260424_163840438_iOS-1536x864.jpg 1536w, https:\/\/www.ff-puerstling.at\/wp\/wp-content\/uploads\/2026\/04\/20260424_163840438_iOS-2048x1152.jpg 2048w\" sizes=\"(max-width: 1024px) 100vw, 1024px\" \/><\/figure><div class=\"wp-block-media-text__content\">\n<p>Die erste Gemeinschafts\u00fcbung der 3 Feuerwehren der Gemeinde Sandl wurde am 24. April von der FF P\u00fcrstling veranstaltet.<\/p>\n\n\n\n<p><\/p>\n<\/div><\/div>\n\n\n\n<!--more-->\n\n\n\n<p>\u00dcbungsannahme war ein Brand in einem Wohnhaus in Rotenbachl welcher drei vermisste Personen forderte. Besonderes Augenmerk wurde dabei auf den Atemschutzeinsatz gelegt.<\/p>\n\n\n\n<div style=\"height:15px\" aria-hidden=\"true\" class=\"wp-block-spacer\"><\/div>\n\n\n\n<p>Die Feuerwehren Sandl und P\u00fcrstling trafen fast zeitgleich am \u00dcbungsobjekt ein. Oberste Priorit\u00e4t von Einsatzleiter OBI Arnold Kastl war die Brandbek\u00e4mpfung im Erdgeschoss und die Personenrettung.<\/p>\n\n\n\n<div style=\"height:25px\" aria-hidden=\"true\" class=\"wp-block-spacer\"><\/div>\n\n\n\n<p>Der Atemschutztrupp des RLF Sandl betrat als erstes das Geb\u00e4ude, rettete eine Person aus dem Erdgeschoss und bek\u00e4mpfte den dortigen Brandherd.<\/p>\n\n\n\n<p>Der Atemschutztrupp der FF P\u00fcrstling erhielt anschlie\u00dfend den Befehl der Personensuche im Obergeschoss.<\/p>\n\n\n\n<div style=\"height:31px\" aria-hidden=\"true\" class=\"wp-block-spacer\"><\/div>\n\n\n\n<p>Parallel dazu errichtete die FF Gugu-Sch\u00f6nberg die Zubringerleitung mit 14 B-L\u00e4ngen zum RLF Sandl vom Teich der Familie Riepl. Zwei Lotsen der FF P\u00fcrstling sicherten die Landesstra\u00dfe ab und leiteten den Verkehr um.<\/p>\n\n\n\n<div style=\"height:28px\" aria-hidden=\"true\" class=\"wp-block-spacer\"><\/div>\n\n\n\n<p>Nachdem die beiden vermissten Personen aus dem Obergeschoss gerettet wurden &#8211; eine versperrte T\u00fcr und eine steile Holztreppe erschwerten die Rettung enorm &#8211; ereignete sich auch noch ein Atemschutznotfall.<\/p>\n\n\n\n<div style=\"height:24px\" aria-hidden=\"true\" class=\"wp-block-spacer\"><\/div>\n\n\n\n<p>Ein ohnm\u00e4chtig gewordener Atemschutztr\u00e4ger musste gemeinsam von den beiden Atemschutztrupps aus dem Geb\u00e4ude befreit werden.<\/p>\n\n\n\n<div style=\"height:28px\" aria-hidden=\"true\" class=\"wp-block-spacer\"><\/div>\n\n\n\n<p>Bei der gemeinsamen Nachbesprechung im Feuerwehrhaus P\u00fcrstling wurden einige neue Ideen aus der \u00dcbung durchbesprochen. Es wurde mehrfach die realit\u00e4tsnahe \u00dcbungsannahme und die professionelle Abarbeitung des Szenarios betont.<\/p>\n\n\n\n<div style=\"height:22px\" aria-hidden=\"true\" class=\"wp-block-spacer\"><\/div>\n\n\n\n<p>Ein gro\u00dfer Dank gilt unserem Ger\u00e4tewart Daniel Brandl f\u00fcr das zur Verf\u00fcgung stellen des \u00dcbungsobjektes, in welchem unter sehr realistischen Bedingungen ge\u00fcbt werden konnte!<\/p>\n\n\n\n<div style=\"height:32px\" aria-hidden=\"true\" class=\"wp-block-spacer\"><\/div>\n\n\n\n<p>F\u00fcr die Ausarbeitung verantwortlich waren unser Kommandant HBI Martin Hildner und der Fachbeauftragte-Stellvertreter Atemschutz OBM d.F. Mathias Stifter &#8211; danke auch daf\u00fcr!<\/p>\n\n\n\n<div style=\"height:38px\" aria-hidden=\"true\" class=\"wp-block-spacer\"><\/div>\n\n\n\n<p>Fotos: Br\u00e4uer, Hildner, Brandl<\/p>\n\n\n\nngg_shortcode_0_placeholder\n","protected":false},"excerpt":{"rendered":"<p>Die erste Gemeinschafts\u00fcbung der 3 Feuerwehren der Gemeinde Sandl wurde am 24. April von der FF P\u00fcrstling veranstaltet.<\/p>\n","protected":false},"author":4,"featured_media":0,"comment_status":"closed","ping_status":"closed","sticky":false,"template":"","format":"standard","meta":{"ngg_post_thumbnail":0,"footnotes":""},"categories":[6,4],"tags":[],"class_list":["post-15835","post","type-post","status-publish","format-standard","hentry","category-c11-aktuelles","category-c9-uebungen-schulungen"],"_links":{"self":[{"href":"https:\/\/www.ff-puerstling.at\/wp\/index.php?rest_route=\/wp\/v2\/posts\/15835"}],"collection":[{"href":"https:\/\/www.ff-puerstling.at\/wp\/index.php?rest_route=\/wp\/v2\/posts"}],"about":[{"href":"https:\/\/www.ff-puerstling.at\/wp\/index.php?rest_route=\/wp\/v2\/types\/post"}],"author":[{"embeddable":true,"href":"https:\/\/www.ff-puerstling.at\/wp\/index.php?rest_route=\/wp\/v2\/users\/4"}],"replies":[{"embeddable":true,"href":"https:\/\/www.ff-puerstling.at\/wp\/index.php?rest_route=%2Fwp%2Fv2%2Fcomments&post=15835"}],"version-history":[{"count":3,"href":"https:\/\/www.ff-puerstling.at\/wp\/index.php?rest_route=\/wp\/v2\/posts\/15835\/revisions"}],"predecessor-version":[{"id":15855,"href":"https:\/\/www.ff-puerstling.at\/wp\/index.php?rest_route=\/wp\/v2\/posts\/15835\/revisions\/15855"}],"wp:attachment":[{"href":"https:\/\/www.ff-puerstling.at\/wp\/index.php?rest_route=%2Fwp%2Fv2%2Fmedia&parent=15835"}],"wp:term":[{"taxonomy":"category","embeddable":true,"href":"https:\/\/www.ff-puerstling.at\/wp\/index.php?rest_route=%2Fwp%2Fv2%2Fcategories&post=15835"},{"taxonomy":"post_tag","embeddable":true,"href":"https:\/\/www.ff-puerstling.at\/wp\/index.php?rest_route=%2Fwp%2Fv2%2Ftags&post=15835"}],"curies":[{"name":"wp","href":"https:\/\/api.w.org\/{rel}","templated":true}]}}